{"id":1199,"date":"2008-04-01T00:00:00","date_gmt":"2008-04-01T00:00:00","guid":{"rendered":"http:\/\/pensamientos-paralelos.com\/?p=1199"},"modified":"2021-06-28T19:00:48","modified_gmt":"2021-06-28T19:00:48","slug":"el-ultimo-almenti-2","status":"publish","type":"post","link":"https:\/\/almudenaoterodelavega.com\/index.php\/2008\/04\/01\/el-ultimo-almenti-2\/","title":{"rendered":"El \u00faltimo Almenti"},"content":{"rendered":"\t\t<div data-elementor-type=\"wp-post\" data-elementor-id=\"1199\" class=\"elementor elementor-1199\">\n\t\t\t\t\t\t<section class=\"elementor-section elementor-top-section elementor-element elementor-element-698e2c3 elementor-section-boxed elementor-section-height-default elementor-section-height-default jltma-glass-effect-no\" data-id=\"698e2c3\" data-element_type=\"section\" data-e-type=\"section\" data-settings=\"{&quot;background_background&quot;:&quot;classic&quot;}\">\n\t\t\t\t\t\t<div class=\"elementor-container elementor-column-gap-default\">\n\t\t\t\t\t<div class=\"elementor-column elementor-col-66 elementor-top-column elementor-element elementor-element-30945d1 jltma-glass-effect-no\" data-id=\"30945d1\" data-element_type=\"column\" data-e-type=\"column\">\n\t\t\t<div class=\"elementor-widget-wrap elementor-element-populated\">\n\t\t\t\t\t\t<div class=\"elementor-element elementor-element-0cee6ee jltma-glass-effect-no elementor-widget elementor-widget-heading\" data-id=\"0cee6ee\" data-element_type=\"widget\" data-e-type=\"widget\" data-widget_type=\"heading.default\">\n\t\t\t\t<div class=\"elementor-widget-container\">\n\t\t\t\t\t<h2 class=\"elementor-heading-title elementor-size-default\">EL \u00daLTIMO ALMENTI<\/h2>\t\t\t\t<\/div>\n\t\t\t\t<\/div>\n\t\t\t\t<div class=\"elementor-element elementor-element-cd38452 jltma-glass-effect-no elementor-widget elementor-widget-text-editor\" data-id=\"cd38452\" data-element_type=\"widget\" data-e-type=\"widget\" data-widget_type=\"text-editor.default\">\n\t\t\t\t<div class=\"elementor-widget-container\">\n\t\t\t\t\t\t\t\t\t<p>El grupo de los Almenti se volv\u00eda fuerte; guerreros poderosos m\u00e1s parecidos a m\u00e1quinas que a humanos, creados con un solo prop\u00f3sito: destruir.<\/p><p>El gran Almenta los hab\u00eda convocado a todos de nuevo, despu\u00e9s de varios a\u00f1os. La reuni\u00f3n se llev\u00f3 a cabo en una casa abandonada, a puerta cerrada, para planear el pr\u00f3ximo ataque.<\/p><p>El grupo de los Almenti era brutalmente poderoso, no hab\u00eda fuerza que pudiera desafiarlos. Cada uno de sus integrantes hab\u00eda sido estrat\u00e9gicamente elegido desde antes de su nacimiento, por ello, cada a\u00f1o desaparec\u00edan varios ni\u00f1os de quince a\u00f1os de edad de distintos mundos, porque eran secuestrados para convertirlos en guerreros de la mente. Se les enfrentaba a varias pruebas de resistencia, soportar extremas temperaturas, hambre, sed y enfermedades hasta volverlos insensibles, poderosos, fuertes y talentosos en el arte de matar. Se trataba de un ej\u00e9rcito que contaba con el arma m\u00e1s poderosa de todas: la mente humana.<\/p><p>La reuni\u00f3n comenz\u00f3 con normalidad. El gran Almenta, vestido de una bata blanca con s\u00edmbolos que s\u00f3lo pocos entend\u00edan, era de mediana estatura y ten\u00eda una barba blanca que combinaba bien con sus ojos azules. El hombre, si pod\u00eda llamarse as\u00ed, se coloc\u00f3 al centro del espacio y mir\u00f3 atentamente al grupo que lo rodeaba. A cada uno le absorbi\u00f3 los recuerdos de los pasados tres a\u00f1os y despu\u00e9s comenz\u00f3 a hablar.<\/p><ul class=\"vin\"><li>Al parecer nuestro trabajo va caminando, tenemos a casi todas las dimensiones vencidas y s\u00f3lo nos hace falta operar la misi\u00f3n final.<\/li><\/ul><p>Al ver que nadie contest\u00f3 nada, continu\u00f3.<\/p><ul class=\"vin\"><li>Los Almenti al fin dominaremos las siete dimensiones, s\u00f3lo nos falta una por dominar, la m\u00e1s dif\u00edcil, la tercera.<\/li><li>\u00bfQui\u00e9n ser\u00e1 digno de ejecutar la tarea? \u2013 pregunt\u00f3 G-Almenti.<\/li><li>He elegido cuidadosamente y se trata del \u00faltimo Almenti.<\/li><li>Pero no hay \u00faltimo a\u00fan, se supone que nunca habr\u00e1 un \u00faltimo.<\/li><li>Pues habr\u00e1 un \u00faltimo \u2013 contest\u00f3 el Almenta \u2013, aunque a\u00fan no haya nacido. Estar\u00e1 en la tercera dimensi\u00f3n.<\/li><li>Tendremos que esperar por lo menos quince a\u00f1os a que podamos raptarlo, es mucho tiempo.<\/li><li>Lamento informarles que tendr\u00e1n que esperar un poco m\u00e1s, el \u00faltimo de nuestra clase no nacer\u00e1 hasta dentro de 300 a\u00f1os.<\/li><li>\u00a1300 a\u00f1os!, pero eso no es posible, no viviremos 300 a\u00f1os m\u00e1s.<\/li><li>Solemos vivir 1000 a\u00f1os, G-Almenti.<\/li><li>Lo s\u00e9 \u2013 contest\u00f3 este a\u00fan enojado \u2013. S\u00f3lo era una expresi\u00f3n. Es demasiado tiempo.<\/li><li>No hay que discutir, la tercera dimensi\u00f3n la dominar\u00e1 el \u00faltimo Almenti y ya lo he decidido.<\/li><\/ul><p>As\u00ed pas\u00f3 el tiempo, hasta que lleg\u00f3 el 19 de abril del a\u00f1o 3100, d\u00eda en que naci\u00f3 el \u00faltimo Almenti. Le llamaron Edeligh, nombre muy com\u00fan en la tercera dimensi\u00f3n. Ten\u00eda cabellos oscuros y ojos grises. Creci\u00f3 junto con dos hermanos mayores y una hermana menor; ten\u00eda un car\u00e1cter muy alegre y optimista.<\/p><p>El d\u00eda de su d\u00e9cimo quinto cumplea\u00f1os todo cambi\u00f3 para \u00e9l. Sali\u00f3 de su casa con paso normal y se dirigi\u00f3 a la casa de su mejor amigo, aunque en el camino se top\u00f3 con un extra\u00f1o.<\/p><ul class=\"vin\"><li>\u00bfA d\u00f3nde crees que vas, ni\u00f1o? \u2013 habl\u00f3 el hombre.<\/li><li>A la casa de un amigo \u2013 contest\u00f3 \u00e9ste.<\/li><li>Pues vas a tener que olvidarte de tus planes y acompa\u00f1arme, tenemos mucho de qu\u00e9 hablar \u2013 dijo tom\u00e1ndolo por un brazo.<\/li><li>\u00bfQu\u00e9 le pasa? \u2013 grit\u00f3 Edeligh solt\u00e1ndose \u2013. No voy a ir a ning\u00fan lado.<\/li><li>Mira no tenemos m\u00e1s tiempo, hemos esperado ya 315 a\u00f1os y no esperaremos m\u00e1s, \u00bfentiendes? Eres el \u00faltimo de nuestra clase y el \u00fanico que puede salvarnos de la extinci\u00f3n.<\/li><li>\u00bfDe qu\u00e9 rayos habla?<\/li><li>\u00bfAcaso no conoces las profec\u00edas de Cad\u00e1? Cuando se hayan dominado todas las dimensiones habr\u00e1 una guerra, una guerra fatal donde todos los de nuestra clase moriremos. T\u00fa eres el \u00faltimo, si logras sobrevivir eres el \u00fanico que puede salvarnos.<\/li><li>Creo que se han confundido de persona yo s\u00f3lo soy un \u2026<\/li><li>Almenti.<\/li><li>\u00bfAl qu\u00e9?<\/li><li>Almenti, eso es lo que eres. Un guerrero de la mente. Ahora si me sigues te llevar\u00e9 a la dimensi\u00f3n cero.<\/li><li>No quiero ir all\u00ed.<\/li><li>Por supuesto que s\u00ed, eres el \u00faltimo Almenti y debes entrenarte.<\/li><li>Pero\u2026<\/li><li>\u00a1No estoy dispuesto a perder otros 300 a\u00f1os por tu necedad!<\/li><\/ul><p>El extra\u00f1o tom\u00f3 a Edeligh de la mu\u00f1eca y lo llev\u00f3 a la fuerza hacia su nave espacial, ignorando los gritos del adolescente.<\/p><p>Al llegar a la dimensi\u00f3n cero los recibi\u00f3 el gran Almenta con una sonrisa. Mir\u00f3 al muchacho de arriba a abajo y comenz\u00f3 a atacarlo mentalmente.\u00a0 Un gran dolor de cabeza sorprendi\u00f3 a \u00a0Edeligh y pronto tuvo que ponerse de rodillas al perder las fuerzas para mantenerse de pie. El Almenta lo tortur\u00f3 cruelmente, aunque Edeligh gritaba de dolor, ya que el hombre se propon\u00eda dominarle el pensamiento.<\/p><p>Al fin Edeligh se rindi\u00f3.<\/p><ul class=\"vin\"><li>De acuerdo, de acuerdo, soy un Almenti, ens\u00e9\u00f1enme lo que debo saber.<\/li><\/ul><p>El Almenti encargado de su secuestro, G-Almenti, se convirti\u00f3 en su tutor. Comenz\u00f3 a ense\u00f1arle todas las artes de la mente. Leer el pensamiento, hablar telep\u00e1ticamente, bloquear su mente a intrusos con barreras mentales, dominar el pensamiento y matar. Edeligh aprendi\u00f3 bien, cada vez que no hac\u00eda algo a la perfecci\u00f3n le robaban un pedazo de su memoria e identidad, hasta que cuando hubo completado el entrenamiento, tres a\u00f1os despu\u00e9s, apenas recordaba su vida pasada y su verdadero nombre, ya que le hab\u00edan llamado X-Almenti.<\/p><p>Cuando estuvo perfectamente bien entrenado y pudo sostener un duelo con el mismo Almenta y salir victorioso, se le fue encomendada la misi\u00f3n para la que hab\u00eda nacido. Dominar la tercera dimensi\u00f3n, sobrevivir a la guerra y continuar con la segunda generaci\u00f3n de los Almenti en el universo futuro.<\/p><p>X-Almenti viaj\u00f3 a la tercera dimensi\u00f3n y comenzaron los ataques. Estrategias militares, emboscadas, bombardeos, asesinatos y persecuciones. La guerra dur\u00f3 tiempo considerable y poco a poco iban muriendo los Almenti, hasta que s\u00f3lo qued\u00f3 uno, el \u00faltimo. La tercera dimensi\u00f3n estaba casi destruida para esa \u00e9poca, las enfermedades y la pobreza se hab\u00edan extendido hacia todas direcciones y X-Almenti necesitaba recursos para subsistir. Se encontraba tumbado sobre la arena, con los rayos del sol nublando su vista y suplicando por agua.<\/p><p>Una muchacha que pasaba por ah\u00ed lo vio y sinti\u00f3 compasi\u00f3n por \u00e9l. Le pidi\u00f3 a sus hermanos que le ayudaran y lo meti\u00f3 a la casa, cur\u00f3 sus heridas, le dio de comer y beber y una cama donde dormir.<\/p><ul class=\"vin\"><li style=\"list-style-type: none;\"><ul class=\"vin\"><li>\u00bfPor qu\u00e9 haces esto? \u2013 le pregunt\u00f3 \u00e9l a ella cuando casi se hubo recuperado.<\/li><li>No lo s\u00e9 \u2013 contest\u00f3 ella sinceramente -. Desde que mi hermano desapareci\u00f3 hace muchos a\u00f1os viajo de aqu\u00ed para all\u00e1 con la esperanza de encontrarlo. Te vi ah\u00ed sufriendo y te ayud\u00e9, eso es todo.<\/li><li>Has de haber querido mucho a tu hermano, \u00bfc\u00f3mo era?<\/li><li>Era mayor que yo, ten\u00eda pelo negro y ojos grises, como toda nuestra familia, pero era demasiado bueno como para que algo malo le pasara. Se llamaba Edeligh.<\/li>&lt;\/ul class=&#8221;vin&#8221;&gt;<\/ul><\/li><\/ul><p>En ese momento X-Almenti comenz\u00f3 a recordar su vida pasada, lo que una vez hab\u00eda vivido.<\/p><ul class=\"vin\"><li style=\"list-style-type: none;\"><ul class=\"vin\"><li style=\"list-style-type: none;\"><ul class=\"vin\"><li>\u00bfQu\u00e9 te pasa? \u2013 pregunt\u00f3 la chica con curiosidad \u2013 \u00bfEst\u00e1s llorando?<\/li><li>Creo que s\u00ed. No s\u00e9 lo que me pasa, quiz\u00e1 sea el golpe que me di en la cabeza, pero me suena muy familiar el nombre, como un recuerdo de una vida pasada.<\/li><li>\u00bfQui\u00e9n eres t\u00fa?<\/li><li>\u2026Soy el \u00faltimo de los Almenti.<\/li><li>No puedo creerlo, no deb\u00ed de haberte recogido desde un principio. \u00bfEl \u00faltimo de los Almenti? Querr\u00e1s decir el traidor de la tercera dimensi\u00f3n. Vete, no eres bienvenido en esta casa.<\/li><li>Pero si antes de saber qui\u00e9n era est\u00e1bamos muy bien.<\/li><li>Est\u00e1bamos. Vete de aqu\u00ed, no quiero volver a verte jam\u00e1s \u2013 grit\u00f3 llorando.<\/li><li>\u00bfQu\u00e9 te pasa?, \u00bfte he hecho algo malo?<\/li><li>Nada m\u00e1s nos traicionaste a todos. Por tu culpa comenz\u00f3 esta guerra, por tu culpa muchos inocentes han muerto y por tu culpa mam\u00e1 se volvi\u00f3 loca.<\/li><li>\u00bfA qu\u00e9 te refieres?<\/li><li>\u00bfNo sabes qui\u00e9n fuiste o s\u00ed?, te lavaron el cerebro, \u00bfverdad?<\/li><li>Yo soy un Almenti y siempre lo fui, que me confundas con tu hermano no es mi problema, quiz\u00e1 \u00e9l haya muerto hace mucho tiempo.<\/li><li>T\u00fa eras mi hermano Edeligh, t\u00fa eras mi hermano mayor. Lo supe desde que dudaste para decir qui\u00e9n eras. Siempre fuiste as\u00ed, muy cuidadoso para pensar lo que dec\u00edas. Pero ahora veo que me equivoqu\u00e9 por buscarte tantos a\u00f1os, te has convertido en algo que jam\u00e1s se acercar\u00e1 a lo que fuiste, eres ahora un guerrero, un guerrero que nos dominar\u00e1 y aniquilar\u00e1 a todos.<\/li><li>No tienes que hablar as\u00ed, yo s\u00f3lo vine a arreglar las cosas.<\/li><li>\u00bfEso es lo que crees? \u2013 pregunt\u00f3 ella a\u00fan llorando \u2013. \u00bfEso es lo que te dijeron? Pues no es as\u00ed, s\u00f3lo has venido a causar problemas, ser\u00e1 mejor que salgas de aqu\u00ed.<\/li><\/ul><\/li><\/ul><\/li><\/ul><p>Ella lo empuj\u00f3 hacia la puerta, la cerr\u00f3 en sus narices y le puso el seguro. Al cabo de unos instantes Edeligh se retir\u00f3 con un gran sentimiento de culpabilidad, pues se hab\u00eda tratado de su hermana.<\/p><p>Despu\u00e9s de ocho d\u00edas llamaron fuertemente a su puerta. Ella la abri\u00f3 y por ella entr\u00f3 uno de sus hermanos mayores.<\/p><ul class=\"vin\"><li style=\"list-style-type: none;\"><ul class=\"vin\"><li style=\"list-style-type: none;\"><ul class=\"vin\"><li>No adivinas lo que ha pasado hermanita, la guerra ha terminado, estamos a salvo.<\/li><li>\u00bfA salvo?, \u00bfpero c\u00f3mo?<\/li><li>\u00bfRecuerdas al \u00faltimo de los Almenti?, pues yo no cre\u00eda tanto en las profec\u00edas de Cad\u00e1, \u00a1en verdad fue el \u00faltimo! Se suicid\u00f3 ayer en la noche, s\u00f3lo dej\u00f3 un mensaje diciendo que lo sent\u00eda mucho. \u00bfTe lo imaginas? Estamos a salvo, seguiremos con vida, \u00bfno es fant\u00e1stico?<\/li><\/ul><\/li><\/ul><\/li><\/ul><p>FIN<\/p>\t\t\t\t\t\t\t\t<\/div>\n\t\t\t\t<\/div>\n\t\t\t\t\t<\/div>\n\t\t<\/div>\n\t\t\t\t<div class=\"elementor-column elementor-col-33 elementor-top-column elementor-element elementor-element-e8e92f2 jltma-glass-effect-no\" data-id=\"e8e92f2\" data-element_type=\"column\" data-e-type=\"column\">\n\t\t\t<div class=\"elementor-widget-wrap elementor-element-populated\">\n\t\t\t\t\t\t<div class=\"elementor-element elementor-element-8bcc952 elementor-absolute elementor-view-default jltma-glass-effect-no elementor-widget elementor-widget-icon\" data-id=\"8bcc952\" data-element_type=\"widget\" data-e-type=\"widget\" data-settings=\"{&quot;_position&quot;:&quot;absolute&quot;}\" data-widget_type=\"icon.default\">\n\t\t\t\t<div class=\"elementor-widget-container\">\n\t\t\t\t\t\t\t<div class=\"elementor-icon-wrapper\">\n\t\t\t<div class=\"elementor-icon\">\n\t\t\t<i aria-hidden=\"true\" class=\"icon icon-push-pin\"><\/i>\t\t\t<\/div>\n\t\t<\/div>\n\t\t\t\t\t\t<\/div>\n\t\t\t\t<\/div>\n\t\t\t\t<div class=\"elementor-element elementor-element-24c71dc jltma-glass-effect-no elementor-widget elementor-widget-text-editor\" data-id=\"24c71dc\" data-element_type=\"widget\" data-e-type=\"widget\" data-widget_type=\"text-editor.default\">\n\t\t\t\t<div class=\"elementor-widget-container\">\n\t\t\t\t\t\t\t\t\t<p>Presentado como una tarea en la clase de literatura de tercero de secundaria. Dos a\u00f1os antes, tambi\u00e9n nos hab\u00edan dejado de tarea escribir un cuento de tema libre y present\u00e9 \u201c<span style=\"color: #ffffff;\"><a style=\"color: #ffffff;\" href=\"http:\/\/pensamientos-paralelos.com\/index.php\/2005\/10\/01\/ganar-no-lo-es-todo\/\">Ganar no lo es todo<\/a><\/span>\u201d. Otro cuento que present\u00e9 en tercero de secundaria fue \u201c<a href=\"http:\/\/pensamientos-paralelos.com\/index.php\/2008\/11\/10\/volcanus\/\"><span style=\"color: #ffffff;\">Volcanus<\/span><\/a>\u201d.<\/p>\t\t\t\t\t\t\t\t<\/div>\n\t\t\t\t<\/div>\n\t\t\t\t\t<\/div>\n\t\t<\/div>\n\t\t\t\t\t<\/div>\n\t\t<\/section>\n\t\t\t\t<section class=\"elementor-section elementor-top-section elementor-element elementor-element-6376438 elementor-section-boxed elementor-section-height-default elementor-section-height-default jltma-glass-effect-no\" data-id=\"6376438\" data-element_type=\"section\" data-e-type=\"section\">\n\t\t\t\t\t\t<div class=\"elementor-container elementor-column-gap-default\">\n\t\t\t\t\t<div class=\"elementor-column elementor-col-100 elementor-top-column elementor-element elementor-element-df7ff17 jltma-glass-effect-no\" data-id=\"df7ff17\" data-element_type=\"column\" data-e-type=\"column\">\n\t\t\t<div class=\"elementor-widget-wrap elementor-element-populated\">\n\t\t\t\t\t\t<div class=\"elementor-element elementor-element-3148894 jltma-glass-effect-no elementor-widget elementor-widget-spacer\" data-id=\"3148894\" data-element_type=\"widget\" data-e-type=\"widget\" data-widget_type=\"spacer.default\">\n\t\t\t\t<div class=\"elementor-widget-container\">\n\t\t\t\t\t\t\t<div class=\"elementor-spacer\">\n\t\t\t<div class=\"elementor-spacer-inner\"><\/div>\n\t\t<\/div>\n\t\t\t\t\t\t<\/div>\n\t\t\t\t<\/div>\n\t\t\t\t\t<\/div>\n\t\t<\/div>\n\t\t\t\t\t<\/div>\n\t\t<\/section>\n\t\t\t\t<section class=\"elementor-section elementor-top-section elementor-element elementor-element-c49f7ea elementor-section-boxed elementor-section-height-default elementor-section-height-default jltma-glass-effect-no\" data-id=\"c49f7ea\" data-element_type=\"section\" data-e-type=\"section\">\n\t\t\t\t\t\t<div class=\"elementor-container elementor-column-gap-default\">\n\t\t\t\t\t<div class=\"elementor-column elementor-col-25 elementor-top-column elementor-element elementor-element-35775a4 jltma-glass-effect-no\" data-id=\"35775a4\" data-element_type=\"column\" data-e-type=\"column\">\n\t\t\t<div class=\"elementor-widget-wrap\">\n\t\t\t\t\t\t\t<\/div>\n\t\t<\/div>\n\t\t\t\t<div class=\"elementor-column elementor-col-25 elementor-top-column elementor-element elementor-element-2b360c5 jltma-glass-effect-no\" data-id=\"2b360c5\" data-element_type=\"column\" data-e-type=\"column\">\n\t\t\t<div class=\"elementor-widget-wrap elementor-element-populated\">\n\t\t\t\t\t\t<div class=\"elementor-element elementor-element-7587630 elementor-align-center jltma-glass-effect-no elementor-widget elementor-widget-button\" data-id=\"7587630\" data-element_type=\"widget\" data-e-type=\"widget\" data-widget_type=\"button.default\">\n\t\t\t\t<div class=\"elementor-widget-container\">\n\t\t\t\t\t\t\t\t\t<div class=\"elementor-button-wrapper\">\n\t\t\t\t\t<a class=\"elementor-button elementor-button-link elementor-size-sm elementor-animation-grow\" href=\"http:\/\/pensamientos-paralelos.com\/index.php\/cuentos\/\">\n\t\t\t\t\t\t<span class=\"elementor-button-content-wrapper\">\n\t\t\t\t\t\t\t\t\t<span class=\"elementor-button-text\">M\u00e1s cuentos<\/span>\n\t\t\t\t\t<\/span>\n\t\t\t\t\t<\/a>\n\t\t\t\t<\/div>\n\t\t\t\t\t\t\t\t<\/div>\n\t\t\t\t<\/div>\n\t\t\t\t\t<\/div>\n\t\t<\/div>\n\t\t\t\t<div class=\"elementor-column elementor-col-25 elementor-top-column elementor-element elementor-element-4e1d38e jltma-glass-effect-no\" data-id=\"4e1d38e\" data-element_type=\"column\" data-e-type=\"column\">\n\t\t\t<div class=\"elementor-widget-wrap elementor-element-populated\">\n\t\t\t\t\t\t<div class=\"elementor-element elementor-element-9b2427f elementor-align-center jltma-glass-effect-no elementor-widget elementor-widget-button\" data-id=\"9b2427f\" data-element_type=\"widget\" data-e-type=\"widget\" data-widget_type=\"button.default\">\n\t\t\t\t<div class=\"elementor-widget-container\">\n\t\t\t\t\t\t\t\t\t<div class=\"elementor-button-wrapper\">\n\t\t\t\t\t<a class=\"elementor-button elementor-button-link elementor-size-sm elementor-animation-grow\" href=\"http:\/\/pensamientos-paralelos.com\/index.php\/trayectoria-literaria\/\">\n\t\t\t\t\t\t<span class=\"elementor-button-content-wrapper\">\n\t\t\t\t\t\t\t\t\t<span class=\"elementor-button-text\">Trayectoria Literaria<\/span>\n\t\t\t\t\t<\/span>\n\t\t\t\t\t<\/a>\n\t\t\t\t<\/div>\n\t\t\t\t\t\t\t\t<\/div>\n\t\t\t\t<\/div>\n\t\t\t\t\t<\/div>\n\t\t<\/div>\n\t\t\t\t<div class=\"elementor-column elementor-col-25 elementor-top-column elementor-element elementor-element-34a16d2 jltma-glass-effect-no\" data-id=\"34a16d2\" data-element_type=\"column\" data-e-type=\"column\">\n\t\t\t<div class=\"elementor-widget-wrap\">\n\t\t\t\t\t\t\t<\/div>\n\t\t<\/div>\n\t\t\t\t\t<\/div>\n\t\t<\/section>\n\t\t\t\t<\/div>\n\t\t","protected":false},"excerpt":{"rendered":"<p>EL \u00daLTIMO ALMENTI El grupo de los Almenti se volv\u00eda fuerte; guerreros poderosos m\u00e1s parecidos a m\u00e1quinas que a humanos, creados con un solo prop\u00f3sito: destruir. El gran Almenta los hab\u00eda convocado a todos de nuevo, despu\u00e9s de varios a\u00f1os. La reuni\u00f3n se llev\u00f3 a cabo en una casa abandonada, a puerta cerrada, para planear [&hellip;]<\/p>\n","protected":false},"author":1,"featured_media":0,"comment_status":"open","ping_status":"closed","sticky":false,"template":"","format":"standard","meta":{"om_disable_all_campaigns":false,"_monsterinsights_skip_tracking":false,"_monsterinsights_sitenote_active":false,"_monsterinsights_sitenote_note":"","_monsterinsights_sitenote_category":0,"site-sidebar-layout":"no-sidebar","site-content-layout":"plain-container","ast-site-content-layout":"","site-content-style":"default","site-sidebar-style":"default","ast-global-header-display":"","ast-banner-title-visibility":"","ast-main-header-display":"disabled","ast-hfb-above-header-display":"","ast-hfb-below-header-display":"","ast-hfb-mobile-header-display":"","site-post-title":"disabled","ast-breadcrumbs-content":"disabled","ast-featured-img":"disabled","footer-sml-layout":"disabled","theme-transparent-header-meta":"disabled","adv-header-id-meta":"","stick-header-meta":"","header-above-stick-meta":"","header-main-stick-meta":"","header-below-stick-meta":"","astra-migrate-meta-layouts":"default","ast-page-background-enabled":"default","ast-page-background-meta":{"desktop":{"background-color":"","background-image":"","background-repeat":"repeat","background-position":"center center","background-size":"auto","background-attachment":"scroll","background-type":"","background-media":"","overlay-type":"","overlay-color":"","overlay-gradient":""},"tablet":{"background-color":"","background-image":"","background-repeat":"repeat","background-position":"center center","background-size":"auto","background-attachment":"scroll","background-type":"","background-media":"","overlay-type":"","overlay-color":"","overlay-gradient":""},"mobile":{"background-color":"","background-image":"","background-repeat":"repeat","background-position":"center center","background-size":"auto","background-attachment":"scroll","background-type":"","background-media":"","overlay-type":"","overlay-color":"","overlay-gradient":""}},"ast-content-background-meta":{"desktop":{"background-color":"var(--ast-global-color-5)","background-image":"","background-repeat":"repeat","background-position":"center center","background-size":"auto","background-attachment":"scroll","background-type":"","background-media":"","overlay-type":"","overlay-color":"","overlay-gradient":""},"tablet":{"background-color":"var(--ast-global-color-5)","background-image":"","background-repeat":"repeat","background-position":"center center","background-size":"auto","background-attachment":"scroll","background-type":"","background-media":"","overlay-type":"","overlay-color":"","overlay-gradient":""},"mobile":{"background-color":"var(--ast-global-color-5)","background-image":"","background-repeat":"repeat","background-position":"center center","background-size":"auto","background-attachment":"scroll","background-type":"","background-media":"","overlay-type":"","overlay-color":"","overlay-gradient":""}},"footnotes":""},"categories":[12],"tags":[],"class_list":["post-1199","post","type-post","status-publish","format-standard","hentry","category-cuentos"],"_links":{"self":[{"href":"https:\/\/almudenaoterodelavega.com\/index.php\/wp-json\/wp\/v2\/posts\/1199","targetHints":{"allow":["GET"]}}],"collection":[{"href":"https:\/\/almudenaoterodelavega.com\/index.php\/wp-json\/wp\/v2\/posts"}],"about":[{"href":"https:\/\/almudenaoterodelavega.com\/index.php\/wp-json\/wp\/v2\/types\/post"}],"author":[{"embeddable":true,"href":"https:\/\/almudenaoterodelavega.com\/index.php\/wp-json\/wp\/v2\/users\/1"}],"replies":[{"embeddable":true,"href":"https:\/\/almudenaoterodelavega.com\/index.php\/wp-json\/wp\/v2\/comments?post=1199"}],"version-history":[{"count":21,"href":"https:\/\/almudenaoterodelavega.com\/index.php\/wp-json\/wp\/v2\/posts\/1199\/revisions"}],"predecessor-version":[{"id":2451,"href":"https:\/\/almudenaoterodelavega.com\/index.php\/wp-json\/wp\/v2\/posts\/1199\/revisions\/2451"}],"wp:attachment":[{"href":"https:\/\/almudenaoterodelavega.com\/index.php\/wp-json\/wp\/v2\/media?parent=1199"}],"wp:term":[{"taxonomy":"category","embeddable":true,"href":"https:\/\/almudenaoterodelavega.com\/index.php\/wp-json\/wp\/v2\/categories?post=1199"},{"taxonomy":"post_tag","embeddable":true,"href":"https:\/\/almudenaoterodelavega.com\/index.php\/wp-json\/wp\/v2\/tags?post=1199"}],"curies":[{"name":"wp","href":"https:\/\/api.w.org\/{rel}","templated":true}]}}